{"id":499,"date":"2026-01-28T11:27:27","date_gmt":"2026-01-28T10:27:27","guid":{"rendered":"https:\/\/www.kulturazilina.sk\/?p=499"},"modified":"2026-01-31T16:51:29","modified_gmt":"2026-01-31T15:51:29","slug":"fasiangy-v-meste","status":"publish","type":"post","link":"https:\/\/www.kulturazilina.sk\/en\/fasiangy-v-meste\/","title":{"rendered":"Fa\u0161iangy v meste: sprievod masiek<br> a program na Mari\u00e1nskom n\u00e1mest\u00ed"},"content":{"rendered":"<h2 class=\"wp-block-heading\"><strong>Carnival is one of the most joyful traditions of the year \u2013 a time when the city is transformed into a stage full of masks, music, and good cheer.<\/strong><\/h2>\n\n\n\n<p><strong> This year, Fa\u0161iangy will once again bring color, energy, and the aroma of traditional delicacies to the center of \u017dilina. Come enjoy the parade, meet the masked characters, and experience the Fa\u0161iangy program right in the heart of the city.<\/strong><\/p>\n\n\n\n<p>The event is intended for all age groups \u2013 families with children, young people, and seniors. Just come, join the parade, watch the performances, and soak up the atmosphere that is an integral part of carnival.<\/p>\n\n\n\n<figure class=\"wp-block-image size-full\"><img fetchpriority=\"high\" decoding=\"async\" width=\"1587\" height=\"2245\" src=\"https:\/\/www.kulturazilina.sk\/wp-content\/uploads\/2026\/01\/png.png\" alt=\"\" class=\"wp-image-810\" style=\"aspect-ratio:0.7069089302479704\" srcset=\"https:\/\/www.kulturazilina.sk\/wp-content\/uploads\/2026\/01\/png.png 1587w, https:\/\/www.kulturazilina.sk\/wp-content\/uploads\/2026\/01\/png-212x300.png 212w, https:\/\/www.kulturazilina.sk\/wp-content\/uploads\/2026\/01\/png-724x1024.png 724w, https:\/\/www.kulturazilina.sk\/wp-content\/uploads\/2026\/01\/png-768x1086.png 768w, https:\/\/www.kulturazilina.sk\/wp-content\/uploads\/2026\/01\/png-1086x1536.png 1086w, https:\/\/www.kulturazilina.sk\/wp-content\/uploads\/2026\/01\/png-1448x2048.png 1448w, https:\/\/www.kulturazilina.sk\/wp-content\/uploads\/2026\/01\/png-8x12.png 8w\" sizes=\"(max-width: 1587px) 100vw, 1587px\" \/><\/figure>\n\n\n\n<h2 class=\"wp-block-heading\">When and where?<\/h2>\n\n\n\n<p><strong>Friday, February 13, 2026<\/strong><\/p>\n\n\n\n<h3 class=\"wp-block-heading\">Parade of masks<\/h3>\n\n\n\n<p class=\"translation-block\"><strong>2:30 p.m.<\/strong> \u2013 start of the parade<br><strong>Starting point:<\/strong> from the <strong>Municipal Office in \u017dilina<\/strong><\/p>\n\n\n\n<p>The parade of masks will set off from the area in front of the City Hall and, accompanied by the energy of the carnival, will move to the center. You can look forward to a variety of masks, music, and \"live\" characters that will create a unique atmosphere in the streets of the city.<\/p>\n\n\n\n<h3 class=\"wp-block-heading\">Program at Marian Square<\/h3>\n\n\n\n<p class=\"translation-block\">After the parade, the carnival atmosphere will move to <strong>Mari\u00e1nske n\u00e1mestie<\/strong>, where the program will continue:<\/p>\n\n\n\n<p class=\"translation-block\"><strong>3:15 p.m.<\/strong> \u00bb Welcome of the Dragon and Queen<br><strong>4:00 p.m.<\/strong> \u00bb Performance by folk ensembles and burial of the bass<\/p>\n\n\n\n<p>For a while, Mari\u00e1nske Square will become the focal point of the carnival celebrations \u2013 a place where traditional elements meet urban energy and where everyone can find something to suit them: from a quick stop to watch the program to a full afternoon of entertainment.<\/p>\n\n\n\n<hr class=\"wp-block-separator has-alpha-channel-opacity\"\/>\n\n\n\n<h2 class=\"wp-block-heading\">Who will guide you through the carnival season?<\/h2>\n\n\n\n<p>The parade and program will be complemented by masks and performers who will create a characteristic carnival atmosphere and provide unforgettable moments. You can look forward to:<\/p>\n\n\n\n<p><strong>Miroslav Kasprzyk, Krampus Slovakia, Harry Teater, Dvor z\u00e1zrakov, DH Fatranka, DFS Cipovi\u010dka, DFS Stavb\u00e1rik, SZU\u0160 Brioso, FS Opr\u00e1\u0161en\u00e9 krpce, DFS Lieska, FS Stavb\u00e1r, FS Rozsutec, <strong>Vesel\u00e1 partia zo Zby\u0148ova<\/strong><\/strong>,<strong> Senior klub Priatelia, ukrajinsk\u00e1 komunita, \u017eilinsk\u00e9 Z\u0160.<\/strong><\/p>\n\n\n\n<hr class=\"wp-block-separator has-alpha-channel-opacity\"\/>\n\n\n\n<h2 class=\"wp-block-heading\">Why is it worth coming?<\/h2>\n\n\n\n<p>Carnival is not just about the program \u2013 it's about the shared experience. It's about the city center temporarily transforming into a place where people naturally meet, greet each other, laugh, and share in the atmosphere of a tradition that has been part of the city for generations.<\/p>\n\n\n\n<p><strong>There will also be food stands offering pork specialties, hot drinks, fresh pastries, and fragrant sweet gingerbread.&nbsp;<\/strong><\/p>\n\n\n\n<hr class=\"wp-block-separator has-alpha-channel-opacity\"\/>\n\n\n\n<h2 class=\"wp-block-heading\">Practical info<\/h2>\n\n\n\n<ul class=\"wp-block-list\">\n<li class=\"translation-block\"><strong>Date:<\/strong> Friday, February 13, 2026<\/li>\n\n\n\n<li class=\"translation-block\"><strong>Start of the parade:<\/strong> <strong>2:30 p.m. <\/strong>, from the Municipal Office in \u017dilina<\/li>\n\n\n\n<li><strong>Program:<\/strong><strong>Mari\u00e1nske n\u00e1mestie \/ \u017dilina<\/strong>\n<ul class=\"wp-block-list\">\n<li><strong>15:15<\/strong> priv\u00edtanie Draka a kr\u00e1\u013eovnej<\/li>\n\n\n\n<li><strong>16:00<\/strong> vyst\u00fapenie folkl\u00f3rnych s\u00faborov a pochov\u00e1vanie basy<\/li>\n<\/ul>\n<\/li>\n<\/ul>\n\n\n\n<p><strong>The schedule is subject to change.<\/strong><\/p>\n\n\n\n<p>We look forward to seeing you in the center of \u017dilina!<\/p>","protected":false},"excerpt":{"rendered":"<p>Carnival celebrations in the city will bring a parade of masks and a program to Mari\u00e1nske Square in the center of \u017dilina on Friday, February 13, 2026. The parade starts at 2:30 p.m. from the City Hall and continues with performances and a carnival program on the square.<\/p>","protected":false},"author":1,"featured_media":58,"comment_status":"closed","ping_status":"open","sticky":false,"template":"","format":"standard","meta":{"_acf_changed":false,"footnotes":""},"categories":[11],"tags":[],"class_list":["post-499","post","type-post","status-publish","format-standard","has-post-thumbnail","hentry","category-mestske-akcie"],"acf":[],"_links":{"self":[{"href":"https:\/\/www.kulturazilina.sk\/en\/wp-json\/wp\/v2\/posts\/499","targetHints":{"allow":["GET"]}}],"collection":[{"href":"https:\/\/www.kulturazilina.sk\/en\/wp-json\/wp\/v2\/posts"}],"about":[{"href":"https:\/\/www.kulturazilina.sk\/en\/wp-json\/wp\/v2\/types\/post"}],"author":[{"embeddable":true,"href":"https:\/\/www.kulturazilina.sk\/en\/wp-json\/wp\/v2\/users\/1"}],"replies":[{"embeddable":true,"href":"https:\/\/www.kulturazilina.sk\/en\/wp-json\/wp\/v2\/comments?post=499"}],"version-history":[{"count":14,"href":"https:\/\/www.kulturazilina.sk\/en\/wp-json\/wp\/v2\/posts\/499\/revisions"}],"predecessor-version":[{"id":1484,"href":"https:\/\/www.kulturazilina.sk\/en\/wp-json\/wp\/v2\/posts\/499\/revisions\/1484"}],"wp:featuredmedia":[{"embeddable":true,"href":"https:\/\/www.kulturazilina.sk\/en\/wp-json\/wp\/v2\/media\/58"}],"wp:attachment":[{"href":"https:\/\/www.kulturazilina.sk\/en\/wp-json\/wp\/v2\/media?parent=499"}],"wp:term":[{"taxonomy":"category","embeddable":true,"href":"https:\/\/www.kulturazilina.sk\/en\/wp-json\/wp\/v2\/categories?post=499"},{"taxonomy":"post_tag","embeddable":true,"href":"https:\/\/www.kulturazilina.sk\/en\/wp-json\/wp\/v2\/tags?post=499"}],"curies":[{"name":"wp","href":"https:\/\/api.w.org\/{rel}","templated":true}]}}