{"id":2418,"date":"2026-03-26T13:24:06","date_gmt":"2026-03-26T12:24:06","guid":{"rendered":"https:\/\/www.kulturazilina.sk\/?p=2418"},"modified":"2026-04-27T11:38:56","modified_gmt":"2026-04-27T09:38:56","slug":"vlna-01-spolocna-vystava-autorov-vytvarnej-skupiny-v-pasazi","status":"publish","type":"post","link":"https:\/\/www.kulturazilina.sk\/en\/vlna-01-spolocna-vystava-autorov-vytvarnej-skupiny-v-pasazi\/","title":{"rendered":"VLNA 01: Spolo\u010dn\u00e1 v\u00fdstava autorov v\u00fdtvarnej skupiny v PAS\u00c1:\u017di"},"content":{"rendered":"<p>Gal\u00e9ria mestskej kult\u00fary v \u017diline priv\u00edta spolo\u010dn\u00fa v\u00fdstavu <strong>VLNA 01<\/strong>, ktor\u00e1 predstav\u00ed tvorbu autorov v\u00fdtvarnej skupiny <strong>Vlna<\/strong>.<\/p>\n\n\n\n<figure class=\"wp-block-image size-large\"><img fetchpriority=\"high\" decoding=\"async\" width=\"742\" height=\"1024\" src=\"https:\/\/www.kulturazilina.sk\/wp-content\/uploads\/2026\/03\/OZ-NOVY-PRIESTOR-742x1024.jpg\" alt=\"\" class=\"wp-image-2419\" srcset=\"https:\/\/www.kulturazilina.sk\/wp-content\/uploads\/2026\/03\/OZ-NOVY-PRIESTOR-742x1024.jpg 742w, https:\/\/www.kulturazilina.sk\/wp-content\/uploads\/2026\/03\/OZ-NOVY-PRIESTOR-217x300.jpg 217w, https:\/\/www.kulturazilina.sk\/wp-content\/uploads\/2026\/03\/OZ-NOVY-PRIESTOR-768x1060.jpg 768w, https:\/\/www.kulturazilina.sk\/wp-content\/uploads\/2026\/03\/OZ-NOVY-PRIESTOR-1113x1536.jpg 1113w, https:\/\/www.kulturazilina.sk\/wp-content\/uploads\/2026\/03\/OZ-NOVY-PRIESTOR-1484x2048.jpg 1484w, https:\/\/www.kulturazilina.sk\/wp-content\/uploads\/2026\/03\/OZ-NOVY-PRIESTOR-9x12.jpg 9w, https:\/\/www.kulturazilina.sk\/wp-content\/uploads\/2026\/03\/OZ-NOVY-PRIESTOR.jpg 1744w\" sizes=\"(max-width: 742px) 100vw, 742px\" \/><\/figure>\n\n\n\n<p>V\u00fdstava prinesie v\u00fdber diel autorov tvoriacich v oblasti <strong>fotografie, klasick\u00fdch v\u00fdtvarn\u00fdch techn\u00edk aj digit\u00e1lnych m\u00e9di\u00ed<\/strong>. N\u00e1v\u0161tevn\u00edci sa m\u00f4\u017eu te\u0161i\u0165 na r\u00f4znorod\u00e9 v\u00fdtvarn\u00e9 pr\u00edstupy a vizu\u00e1lne polohy, ktor\u00e9 prep\u00e1ja spolo\u010dn\u00fd tvoriv\u00fd kontext a komunitn\u00e9 z\u00e1zemie.<\/p>\n\n\n\n<p>V\u00fdtvarn\u00fa skupinu <strong>VLNA<\/strong> tvor\u00ed komunita autorov p\u00f4sobiaca pri ob\u010dianskom zdru\u017een\u00ed <strong>Nov\u00fd priestor v \u017diline<\/strong>.<\/p>\n\n\n\n<h2 class=\"wp-block-heading\">Term\u00edn a miesto konania<\/h2>\n\n\n\n<p><strong>20. apr\u00edl \u2013 8. m\u00e1j 2026<\/strong><br><strong>v\u00fdstavn\u00fd priestor PAS\u00c1:\u017d<\/strong><br><strong>Pas\u00e1\u017e, Horn\u00fd Val 24, \u017dilina<\/strong><\/p>\n\n\n\n<h2 class=\"wp-block-heading\">Vernis\u00e1\u017e<\/h2>\n\n\n\n<p><strong>24. apr\u00edla 2026 o 17.00 hod.<\/strong>.<\/p>","protected":false},"excerpt":{"rendered":"<p>Gal\u00e9ria mestskej kult\u00fary v \u017diline priv\u00edta spolo\u010dn\u00fa v\u00fdstavu VLNA 01, ktor\u00e1 predstav\u00ed tvorbu autorov v\u00fdtvarnej skupiny Vlna. V\u00fdstava prinesie v\u00fdber diel autorov tvoriacich v oblasti fotografie, klasick\u00fdch v\u00fdtvarn\u00fdch techn\u00edk aj [&hellip;]<\/p>\n","protected":false},"author":1,"featured_media":2419,"comment_status":"open","ping_status":"open","sticky":false,"template":"","format":"standard","meta":{"_acf_changed":false,"footnotes":""},"categories":[18],"tags":[],"class_list":["post-2418","post","type-post","status-publish","format-standard","has-post-thumbnail","hentry","category-pasaz"],"acf":[],"_links":{"self":[{"href":"https:\/\/www.kulturazilina.sk\/en\/wp-json\/wp\/v2\/posts\/2418","targetHints":{"allow":["GET"]}}],"collection":[{"href":"https:\/\/www.kulturazilina.sk\/en\/wp-json\/wp\/v2\/posts"}],"about":[{"href":"https:\/\/www.kulturazilina.sk\/en\/wp-json\/wp\/v2\/types\/post"}],"author":[{"embeddable":true,"href":"https:\/\/www.kulturazilina.sk\/en\/wp-json\/wp\/v2\/users\/1"}],"replies":[{"embeddable":true,"href":"https:\/\/www.kulturazilina.sk\/en\/wp-json\/wp\/v2\/comments?post=2418"}],"version-history":[{"count":7,"href":"https:\/\/www.kulturazilina.sk\/en\/wp-json\/wp\/v2\/posts\/2418\/revisions"}],"predecessor-version":[{"id":2611,"href":"https:\/\/www.kulturazilina.sk\/en\/wp-json\/wp\/v2\/posts\/2418\/revisions\/2611"}],"wp:featuredmedia":[{"embeddable":true,"href":"https:\/\/www.kulturazilina.sk\/en\/wp-json\/wp\/v2\/media\/2419"}],"wp:attachment":[{"href":"https:\/\/www.kulturazilina.sk\/en\/wp-json\/wp\/v2\/media?parent=2418"}],"wp:term":[{"taxonomy":"category","embeddable":true,"href":"https:\/\/www.kulturazilina.sk\/en\/wp-json\/wp\/v2\/categories?post=2418"},{"taxonomy":"post_tag","embeddable":true,"href":"https:\/\/www.kulturazilina.sk\/en\/wp-json\/wp\/v2\/tags?post=2418"}],"curies":[{"name":"wp","href":"https:\/\/api.w.org\/{rel}","templated":true}]}}