{"id":2108,"date":"2026-03-18T14:51:02","date_gmt":"2026-03-18T13:51:02","guid":{"rendered":"https:\/\/www.kulturazilina.sk\/?p=2108"},"modified":"2026-04-28T07:29:49","modified_gmt":"2026-04-28T05:29:49","slug":"staromestske-slavnosti-oslavia-30-rocne-jubileum-velkolepym-programom","status":"publish","type":"post","link":"https:\/\/www.kulturazilina.sk\/en\/staromestske-slavnosti-oslavia-30-rocne-jubileum-velkolepym-programom\/","title":{"rendered":"Staromestsk\u00e9 sl\u00e1vnosti osl\u00e1via 30. ro\u010dn\u00e9 jubileum ve\u013ekolep\u00fdm programom"},"content":{"rendered":"<p><\/p>\n\n\n\n<figure class=\"wp-block-image\"><img decoding=\"async\" data-src=\"https:\/\/zilina.sk\/wp-content\/uploads\/2026\/03\/ss-foto-3-.jpg\" alt=\"ss foto 3\" src=\"data:image\/svg+xml;base64,PHN2ZyB3aWR0aD0iMSIgaGVpZ2h0PSIxIiB4bWxucz0iaHR0cDovL3d3dy53My5vcmcvMjAwMC9zdmciPjwvc3ZnPg==\" class=\"lazyload\" \/><\/figure>\n\n\n\n<p><strong>U\u017e onedlho sa \u017dilina premen\u00ed na centrum hudby, kult\u00fary a&nbsp;z\u00e1bavy. Tohtoro\u010dn\u00e9 Staromestsk\u00e9 sl\u00e1vnosti po\u010das troch dn\u00ed, konkr\u00e9tne od 28.&nbsp;do 30.&nbsp;m\u00e1ja 2026, prines\u00fa do mesta neopakovate\u013en\u00fa atmosf\u00e9ru, o&nbsp;ktor\u00fa sa postaraj\u00fa skupiny Billy Barman, No Name, Polemic, Buty, Vesna \u010di&nbsp;ob\u013e\u00faben\u00e1 Dara Rolins. Koncerty doplnia aj zauj\u00edmav\u00e9 sprievodn\u00e9 aktivity, l\u00e1kav\u00e1 ponuka od mno\u017estva predajcov a&nbsp;pripraven\u00fd je aj \u0161peci\u00e1lny program venovan\u00fd Medzin\u00e1rodn\u00e9mu d\u0148u det\u00ed.<\/strong><\/p>\n\n\n\n<p>Organiz\u00e1torom trojd\u0148ov\u00e9ho podujatia bude tento rok prv\u00fdkr\u00e1t novovzniknut\u00e9 centrum Mestsk\u00e1 kult\u00fara \u017dilina. \u201eTento rok bude v\u00fdnimo\u010dn\u00fd, ke\u010f\u017ee ide o&nbsp;okr\u00fahly 30.&nbsp;ro\u010dn\u00edk. Pripravujeme \u0161peci\u00e1lny program s&nbsp;bohat\u0161\u00edm technick\u00fdm zabezpe\u010den\u00edm, atrakt\u00edvnou vizu\u00e1lnou str\u00e1nkou a&nbsp;pln\u00fd v\u00fdrazn\u00fdch headlinerov. Ver\u00edme, \u017ee si v&nbsp;programe ka\u017ed\u00fd n\u00e1jde d\u00f4vod pr\u00eds\u0165 do centra mesta a&nbsp;za\u017ei\u0165 jedine\u010dn\u00fa atmosf\u00e9ru,\u201c&nbsp;uviedla za Mestsk\u00fa kult\u00faru \u017dilina Lucia \u0160imo, mana\u017e\u00e9rka podujat\u00ed, projektov a&nbsp;spolupr\u00e1c.<\/p>\n\n\n\n<p>Na dvoch p\u00f3di\u00e1ch v&nbsp;centre mesta \u2013 na Mari\u00e1nskom n\u00e1mest\u00ed a&nbsp;N\u00e1mest\u00ed Andreja Hlinku \u2013 sa predstavia viacer\u00e9 popul\u00e1rne kapely a&nbsp;interpreti. Okrem spomenut\u00fdch medzi \u00fa\u010dinkuj\u00facimi nebud\u00fa ch\u00fdba\u0165 napr\u00edklad Peter Bi\u010d Projekt, Fragile, Hrdza, Arz\u00e9n a&nbsp;ve\u013ea \u010fal\u0161\u00edch. Organiz\u00e1tori z\u00e1rove\u0148 poz\u00fdvaj\u00fa aj na zauj\u00edmav\u00fd sprievodn\u00fd program. \u201eZa pozornos\u0165 stoj\u00ed napr\u00edklad elektronick\u00fd stage na Tr\u017enici \u017dilina, ktor\u00fd roz\u0161\u00edri \u017e\u00e1nrov\u00fa pestros\u0165 sl\u00e1vnost\u00ed a&nbsp;poskytne priestor pre modern\u00fa klubov\u00fa sc\u00e9nu. Podujatie sa nebude kona\u0165 len na dvoch n\u00e1mestiach v&nbsp;centre. Tento rok sa do\u0148 op\u00e4\u0165 zapoj\u00ed \u0161ir\u0161\u00ed okruh kult\u00farnych in\u0161tit\u00faci\u00ed p\u00f4sobiacich na \u00fazem\u00ed mesta \u2013 \u010di&nbsp;u\u017e formou sprievodn\u00e9ho programu alebo afterparties. N\u00e1v\u0161tevn\u00edci sa tak m\u00f4\u017eu zab\u00e1va\u0165 aj po&nbsp;skon\u010den\u00ed hlavn\u00e9ho programu,\u201c pribl\u00ed\u017eila detaily Lucia \u0160imo.<\/p>\n\n\n\n<p>V r\u00e1mci Staromestsk\u00fdch sl\u00e1vnost\u00ed nebude ch\u00fdba\u0165 ani ob\u013e\u00faben\u00fd otv\u00e1rac\u00ed ceremoni\u00e1l v&nbsp;podobe sl\u00e1vnostn\u00e9ho sprievodu. Po\u010das podujatia n\u00e1jdu n\u00e1v\u0161tevn\u00edci v&nbsp;meste st\u00e1nky so zauj\u00edmav\u00fdm tovarom, pr\u00edle\u017eitostn\u00e9 remeseln\u00e9 trhy, predaj medovn\u00edkov aj r\u00f4zne ob\u010derstvenie. Podobne ako po&nbsp;minul\u00e9 roky bud\u00fa zak\u00fapen\u00e9 n\u00e1poje pod\u00e1van\u00e9 do z\u00e1lohovan\u00fdch poh\u00e1rov.<br>\u201eStaromestsk\u00e9 sl\u00e1vnosti s\u00fa u\u017e tri desa\u0165ro\u010dia neodmyslite\u013enou s\u00fa\u010das\u0165ou kult\u00fary a&nbsp;\u017eivota v&nbsp;\u017diline. S\u00fa symbolom skvelej hudby, nev\u0161edn\u00fdch z\u00e1\u017eitkov, pr\u00edjemn\u00fdch stretnut\u00ed a&nbsp;atmosf\u00e9ry, ktor\u00e1 ka\u017edoro\u010dne sp\u00e1ja tis\u00edce \u017dilin\u010danov aj n\u00e1v\u0161tevn\u00edkov mesta. Te\u0161\u00edm sa, \u017ee jubilejn\u00fd 30.&nbsp;ro\u010dn\u00edk prinesie bohat\u00fd program pre v\u0161etky gener\u00e1cie. Ka\u017ed\u00fd dostane pr\u00edle\u017eitos\u0165 n\u00e1js\u0165 si to svoje \u2013 \u010di&nbsp;u\u017e na koncertoch, v&nbsp;sprievodnom programe alebo pri spolo\u010dn\u00fdch stretnutiach v&nbsp;centre \u017diliny. Srde\u010dne poz\u00fdvam v\u0161etk\u00fdch \u017dilin\u010danov aj host\u00ed, aby pri\u0161li osl\u00e1vi\u0165 toto v\u00fdnimo\u010dn\u00e9 jubileum spolu s&nbsp;nami a&nbsp;u\u017eili si jedine\u010dn\u00fa atmosf\u00e9ru Staromestsk\u00fdch sl\u00e1vnost\u00ed 2026,\u201c povedal prim\u00e1tor Peter Fiab\u00e1ne.<\/p>\n\n\n\n<figure class=\"wp-block-image size-large is-resized\"><img fetchpriority=\"high\" decoding=\"async\" width=\"724\" height=\"1024\" src=\"https:\/\/www.kulturazilina.sk\/wp-content\/uploads\/2026\/03\/Foto2_SMS26_Teaser-724x1024.png\" alt=\"\" class=\"wp-image-2111\" style=\"aspect-ratio:0.707037643207856;width:800px;height:auto\" srcset=\"https:\/\/www.kulturazilina.sk\/wp-content\/uploads\/2026\/03\/Foto2_SMS26_Teaser-724x1024.png 724w, https:\/\/www.kulturazilina.sk\/wp-content\/uploads\/2026\/03\/Foto2_SMS26_Teaser-212x300.png 212w, https:\/\/www.kulturazilina.sk\/wp-content\/uploads\/2026\/03\/Foto2_SMS26_Teaser-768x1086.png 768w, https:\/\/www.kulturazilina.sk\/wp-content\/uploads\/2026\/03\/Foto2_SMS26_Teaser-1086x1536.png 1086w, https:\/\/www.kulturazilina.sk\/wp-content\/uploads\/2026\/03\/Foto2_SMS26_Teaser-1448x2048.png 1448w, https:\/\/www.kulturazilina.sk\/wp-content\/uploads\/2026\/03\/Foto2_SMS26_Teaser-8x12.png 8w, https:\/\/www.kulturazilina.sk\/wp-content\/uploads\/2026\/03\/Foto2_SMS26_Teaser.png 1587w\" sizes=\"(max-width: 724px) 100vw, 724px\" \/><\/figure>","protected":false},"excerpt":{"rendered":"<p>U\u017e onedlho sa \u017dilina premen\u00ed na centrum hudby, kult\u00fary a&nbsp;z\u00e1bavy. Tohtoro\u010dn\u00e9 Staromestsk\u00e9 sl\u00e1vnosti po\u010das troch dn\u00ed, konkr\u00e9tne od 28.&nbsp;do 30.&nbsp;m\u00e1ja 2026, prines\u00fa do mesta neopakovate\u013en\u00fa atmosf\u00e9ru, o&nbsp;ktor\u00fa sa postaraj\u00fa skupiny [&hellip;]<\/p>\n","protected":false},"author":1,"featured_media":2099,"comment_status":"open","ping_status":"open","sticky":false,"template":"","format":"standard","meta":{"_acf_changed":false,"footnotes":""},"categories":[22],"tags":[],"class_list":["post-2108","post","type-post","status-publish","format-standard","has-post-thumbnail","hentry","category-staromestske-slavnosti"],"acf":[],"_links":{"self":[{"href":"https:\/\/www.kulturazilina.sk\/en\/wp-json\/wp\/v2\/posts\/2108","targetHints":{"allow":["GET"]}}],"collection":[{"href":"https:\/\/www.kulturazilina.sk\/en\/wp-json\/wp\/v2\/posts"}],"about":[{"href":"https:\/\/www.kulturazilina.sk\/en\/wp-json\/wp\/v2\/types\/post"}],"author":[{"embeddable":true,"href":"https:\/\/www.kulturazilina.sk\/en\/wp-json\/wp\/v2\/users\/1"}],"replies":[{"embeddable":true,"href":"https:\/\/www.kulturazilina.sk\/en\/wp-json\/wp\/v2\/comments?post=2108"}],"version-history":[{"count":4,"href":"https:\/\/www.kulturazilina.sk\/en\/wp-json\/wp\/v2\/posts\/2108\/revisions"}],"predecessor-version":[{"id":2622,"href":"https:\/\/www.kulturazilina.sk\/en\/wp-json\/wp\/v2\/posts\/2108\/revisions\/2622"}],"wp:featuredmedia":[{"embeddable":true,"href":"https:\/\/www.kulturazilina.sk\/en\/wp-json\/wp\/v2\/media\/2099"}],"wp:attachment":[{"href":"https:\/\/www.kulturazilina.sk\/en\/wp-json\/wp\/v2\/media?parent=2108"}],"wp:term":[{"taxonomy":"category","embeddable":true,"href":"https:\/\/www.kulturazilina.sk\/en\/wp-json\/wp\/v2\/categories?post=2108"},{"taxonomy":"post_tag","embeddable":true,"href":"https:\/\/www.kulturazilina.sk\/en\/wp-json\/wp\/v2\/tags?post=2108"}],"curies":[{"name":"wp","href":"https:\/\/api.w.org\/{rel}","templated":true}]}}