{"id":1929,"date":"2026-03-17T11:44:46","date_gmt":"2026-03-17T10:44:46","guid":{"rendered":"https:\/\/www.kulturazilina.sk\/?p=1929"},"modified":"2026-04-14T11:04:03","modified_gmt":"2026-04-14T09:04:03","slug":"velkonocna-trznica","status":"publish","type":"post","link":"https:\/\/www.kulturazilina.sk\/en\/velkonocna-trznica\/","title":{"rendered":"Ve\u013ekono\u010dn\u00e1 tr\u017enica"},"content":{"rendered":"<h3 class=\"wp-block-heading\">Jar prich\u00e1dza do mesta a s \u0148ou aj chu\u0165 stretn\u00fa\u0165 sa, nie\u010do si vyrobi\u0165, ochutna\u0165 a na chv\u00ed\u013eu spomali\u0165. U\u017e <strong>15. apr\u00edla 2026<\/strong> v\u00e1s poz\u00fdvame do <strong>Tr\u017enice \u017dilina<\/strong> na <strong>Ve\u013ekono\u010dn\u00fa tr\u017enicu<\/strong> \u2013 podujatie, ktor\u00e9 sp\u00e1ja pr\u00edjemn\u00fa atmosf\u00e9ru, komunitu a program pre v\u0161etky gener\u00e1cie.<\/h3>\n\n\n\n<p><strong>Kedy:<\/strong> 15. apr\u00edl 2026, <strong>15:00 \u2013 17:30<\/strong><br><strong>Kde:<\/strong> <strong>Tr\u017enica \u017dilina<\/strong><\/p>\n\n\n\n<figure class=\"wp-block-image size-large\"><img fetchpriority=\"high\" decoding=\"async\" width=\"1024\" height=\"512\" src=\"https:\/\/www.kulturazilina.sk\/wp-content\/uploads\/2026\/03\/dsdasdsaasd-1024x512.png\" alt=\"\" class=\"wp-image-2429\" srcset=\"https:\/\/www.kulturazilina.sk\/wp-content\/uploads\/2026\/03\/dsdasdsaasd-1024x512.png 1024w, https:\/\/www.kulturazilina.sk\/wp-content\/uploads\/2026\/03\/dsdasdsaasd-300x150.png 300w, https:\/\/www.kulturazilina.sk\/wp-content\/uploads\/2026\/03\/dsdasdsaasd-768x384.png 768w, https:\/\/www.kulturazilina.sk\/wp-content\/uploads\/2026\/03\/dsdasdsaasd-1536x768.png 1536w, https:\/\/www.kulturazilina.sk\/wp-content\/uploads\/2026\/03\/dsdasdsaasd-2048x1024.png 2048w, https:\/\/www.kulturazilina.sk\/wp-content\/uploads\/2026\/03\/dsdasdsaasd-18x9.png 18w\" sizes=\"(max-width: 1024px) 100vw, 1024px\" \/><\/figure>\n\n\n\n<hr class=\"wp-block-separator has-alpha-channel-opacity\"\/>\n\n\n\n<h3 class=\"wp-block-heading\">\u010co v\u00e1s \u010dak\u00e1<\/h3>\n\n\n\n<p><strong>Hudobn\u00fd program<\/strong><br>Po\u010das podujatia bude znie\u0165 hudba, ktor\u00e1 dotvor\u00ed jarn\u00fa n\u00e1ladu a spr\u00edjemn\u00ed \u010das str\u00e1ven\u00fd v Tr\u017enici..<\/p>\n\n\n\n<p><strong>Workshop \u2013 ve\u013ekono\u010dn\u00e9 tvorenie<\/strong><br>Pr\u00ed\u010fte si vysk\u00fa\u0161a\u0165 tvorenie s ve\u013ekono\u010dnou tematikou. Workshop je otvoren\u00fd pre deti aj dospel\u00fdch \u2013 sta\u010d\u00ed pr\u00eds\u0165 a zapoji\u0165 sa.<\/p>\n\n\n\n<p><strong>Streetfood \u2013 jedlo na mieste<\/strong><br>Nebude ch\u00fdba\u0165 ani jedlo a ob\u010derstvenie priamo na mieste, aby ste si podujatie mohli u\u017ei\u0165 bez stresu a v pohode.<\/p>\n\n\n\n<p><strong>DFS Lieska \u2013 folkl\u00f3rny program<\/strong><br>S\u00fa\u010das\u0165ou programu bude aj vyst\u00fapenie <strong>DFS Lieska<\/strong>, ktor\u00e9 prinesie do Tr\u017enice \u017eiv\u00fa energiu trad\u00edcie.<\/p>\n\n\n\n<hr class=\"wp-block-separator has-alpha-channel-opacity\"\/>\n\n\n\n<h3 class=\"wp-block-heading\">Spolupr\u00e1ca s Ukrajinsk\u00fdm domom \u017dilina<\/h3>\n\n\n\n<p>Ve\u013ekono\u010dn\u00e1 tr\u017enica vznik\u00e1 <strong>v spolupr\u00e1ci s Ukrajinsk\u00fdm domom \u017dilina<\/strong>. Te\u0161\u00ed n\u00e1s prep\u00e1janie komun\u00edt a spolo\u010dn\u00e9 podujatia, ktor\u00e9 prispievaj\u00fa k otvorenej a priate\u013eskej atmosf\u00e9re v meste.<\/p>\n\n\n\n<hr class=\"wp-block-separator has-alpha-channel-opacity\"\/>\n\n\n\n<h3 class=\"wp-block-heading\">Pr\u00ed\u010fte sa zastavi\u0165<\/h3>\n\n\n\n<p>\u010ci u\u017e pr\u00eddete na cel\u00fd program, alebo sa len na chv\u00ed\u013eu zastav\u00edte cestou z pr\u00e1ce \u010di zo \u0161koly, Ve\u013ekono\u010dn\u00e1 tr\u017enica je pr\u00edjemn\u00e1 pr\u00edle\u017eitos\u0165 str\u00e1vi\u0165 popoludnie v centre mesta a naladi\u0165 sa na jar.<\/p>\n\n\n\n<p>Viac inform\u00e1ci\u00ed n\u00e1jdete na: <strong><a>www.trznicazilina.sk<\/a><\/strong><\/p>","protected":false},"excerpt":{"rendered":"<p>Jar prich\u00e1dza do mesta a s \u0148ou aj chu\u0165 stretn\u00fa\u0165 sa, nie\u010do si vyrobi\u0165, ochutna\u0165 a na chv\u00ed\u013eu spomali\u0165. U\u017e 15. apr\u00edla 2026 v\u00e1s poz\u00fdvame do Tr\u017enice \u017dilina na Ve\u013ekono\u010dn\u00fa [&hellip;]<\/p>\n","protected":false},"author":1,"featured_media":2429,"comment_status":"open","ping_status":"open","sticky":false,"template":"","format":"standard","meta":{"_acf_changed":false,"footnotes":""},"categories":[21],"tags":[],"class_list":["post-1929","post","type-post","status-publish","format-standard","has-post-thumbnail","hentry","category-trznica"],"acf":[],"_links":{"self":[{"href":"https:\/\/www.kulturazilina.sk\/en\/wp-json\/wp\/v2\/posts\/1929","targetHints":{"allow":["GET"]}}],"collection":[{"href":"https:\/\/www.kulturazilina.sk\/en\/wp-json\/wp\/v2\/posts"}],"about":[{"href":"https:\/\/www.kulturazilina.sk\/en\/wp-json\/wp\/v2\/types\/post"}],"author":[{"embeddable":true,"href":"https:\/\/www.kulturazilina.sk\/en\/wp-json\/wp\/v2\/users\/1"}],"replies":[{"embeddable":true,"href":"https:\/\/www.kulturazilina.sk\/en\/wp-json\/wp\/v2\/comments?post=1929"}],"version-history":[{"count":9,"href":"https:\/\/www.kulturazilina.sk\/en\/wp-json\/wp\/v2\/posts\/1929\/revisions"}],"predecessor-version":[{"id":2475,"href":"https:\/\/www.kulturazilina.sk\/en\/wp-json\/wp\/v2\/posts\/1929\/revisions\/2475"}],"wp:featuredmedia":[{"embeddable":true,"href":"https:\/\/www.kulturazilina.sk\/en\/wp-json\/wp\/v2\/media\/2429"}],"wp:attachment":[{"href":"https:\/\/www.kulturazilina.sk\/en\/wp-json\/wp\/v2\/media?parent=1929"}],"wp:term":[{"taxonomy":"category","embeddable":true,"href":"https:\/\/www.kulturazilina.sk\/en\/wp-json\/wp\/v2\/categories?post=1929"},{"taxonomy":"post_tag","embeddable":true,"href":"https:\/\/www.kulturazilina.sk\/en\/wp-json\/wp\/v2\/tags?post=1929"}],"curies":[{"name":"wp","href":"https:\/\/api.w.org\/{rel}","templated":true}]}}