{"id":1826,"date":"2026-03-06T10:00:53","date_gmt":"2026-03-06T09:00:53","guid":{"rendered":"https:\/\/www.kulturazilina.sk\/?p=1826"},"modified":"2026-03-06T10:01:48","modified_gmt":"2026-03-06T09:01:48","slug":"pracuj-pre-mestsku-kulturu-zilina-koordinator-prace-s-mladezou","status":"publish","type":"post","link":"https:\/\/www.kulturazilina.sk\/en\/pracuj-pre-mestsku-kulturu-zilina-koordinator-prace-s-mladezou\/","title":{"rendered":"Pracuj pre Mestsk\u00fa kult\u00faru \u017dilina: <br>Koordin\u00e1tor pr\u00e1ce s ml\u00e1de\u017eou"},"content":{"rendered":"<h3 class=\"wp-block-heading\">V\u00fdberov\u00e9 konanie: Koordin\u00e1tor pr\u00e1ce s ml\u00e1de\u017eou<\/h3>\n\n\n\n<p>Mestsk\u00e1 kult\u00fara \u017dilina, pr\u00edspevkov\u00e1 organiz\u00e1cia mesta \u017dilina, vyhlasuje v\u00fdberov\u00e9 konanie na pracovn\u00fa poz\u00edciu <strong>koordin\u00e1tor pr\u00e1ce s ml\u00e1de\u017eou<\/strong>.<\/p>\n\n\n\n<p><strong>Predpokladan\u00fd n\u00e1stup:<\/strong> apr\u00edl 2026<br><strong>\u00dav\u00e4zok:<\/strong> 37,5 hod.\/t\u00fd\u017ede\u0148 (pln\u00fd \u00fav\u00e4zok)<br><strong>Mzda:<\/strong> od 1 100 \u20ac brutto \/ mesiac<\/p>\n\n\n\n<p>H\u013ead\u00e1me \u010dloveka so sk\u00fasenos\u0165ami s pr\u00e1cou s ml\u00e1de\u017eou (napr. dobrovo\u013en\u00edctvo, \u0161kolsk\u00fd\/ml\u00e1de\u017en\u00edcky parlament), s komunika\u010dn\u00fdmi schopnos\u0165ami, empatiou a chu\u0165ou prep\u00e1ja\u0165 r\u00f4zne skupiny mlad\u00fdch \u013eud\u00ed.<\/p>\n\n\n\n<p>\ud83d\udc49 <strong>Viac inform\u00e1ci\u00ed a kompletn\u00e9 podmienky n\u00e1jdete tu:<\/strong><br><strong><a href=\"https:\/\/www.kulturazilina.sk\/en\/kariera\/\">https:\/\/www.kulturazilina.sk\/kariera\/<\/a><\/strong><\/p>","protected":false},"excerpt":{"rendered":"<p>V\u00fdberov\u00e9 konanie: Koordin\u00e1tor pr\u00e1ce s ml\u00e1de\u017eou Mestsk\u00e1 kult\u00fara \u017dilina, pr\u00edspevkov\u00e1 organiz\u00e1cia mesta \u017dilina, vyhlasuje v\u00fdberov\u00e9 konanie na pracovn\u00fa poz\u00edciu koordin\u00e1tor pr\u00e1ce s ml\u00e1de\u017eou. Predpokladan\u00fd n\u00e1stup: apr\u00edl 2026\u00dav\u00e4zok: 37,5 hod.\/t\u00fd\u017ede\u0148 (pln\u00fd [&hellip;]<\/p>\n","protected":false},"author":1,"featured_media":1828,"comment_status":"open","ping_status":"open","sticky":false,"template":"","format":"standard","meta":{"_acf_changed":false,"footnotes":""},"categories":[1],"tags":[],"class_list":["post-1826","post","type-post","status-publish","format-standard","has-post-thumbnail","hentry","category-nezaradene"],"acf":[],"_links":{"self":[{"href":"https:\/\/www.kulturazilina.sk\/en\/wp-json\/wp\/v2\/posts\/1826","targetHints":{"allow":["GET"]}}],"collection":[{"href":"https:\/\/www.kulturazilina.sk\/en\/wp-json\/wp\/v2\/posts"}],"about":[{"href":"https:\/\/www.kulturazilina.sk\/en\/wp-json\/wp\/v2\/types\/post"}],"author":[{"embeddable":true,"href":"https:\/\/www.kulturazilina.sk\/en\/wp-json\/wp\/v2\/users\/1"}],"replies":[{"embeddable":true,"href":"https:\/\/www.kulturazilina.sk\/en\/wp-json\/wp\/v2\/comments?post=1826"}],"version-history":[{"count":2,"href":"https:\/\/www.kulturazilina.sk\/en\/wp-json\/wp\/v2\/posts\/1826\/revisions"}],"predecessor-version":[{"id":1830,"href":"https:\/\/www.kulturazilina.sk\/en\/wp-json\/wp\/v2\/posts\/1826\/revisions\/1830"}],"wp:featuredmedia":[{"embeddable":true,"href":"https:\/\/www.kulturazilina.sk\/en\/wp-json\/wp\/v2\/media\/1828"}],"wp:attachment":[{"href":"https:\/\/www.kulturazilina.sk\/en\/wp-json\/wp\/v2\/media?parent=1826"}],"wp:term":[{"taxonomy":"category","embeddable":true,"href":"https:\/\/www.kulturazilina.sk\/en\/wp-json\/wp\/v2\/categories?post=1826"},{"taxonomy":"post_tag","embeddable":true,"href":"https:\/\/www.kulturazilina.sk\/en\/wp-json\/wp\/v2\/tags?post=1826"}],"curies":[{"name":"wp","href":"https:\/\/api.w.org\/{rel}","templated":true}]}}