{"id":1678,"date":"2026-03-04T13:01:14","date_gmt":"2026-03-04T12:01:14","guid":{"rendered":"https:\/\/www.kulturazilina.sk\/?p=1678"},"modified":"2026-04-21T12:47:25","modified_gmt":"2026-04-21T10:47:25","slug":"informacie-pre-predajcov-vyrobkov-ludovych-remesiel-a-potravin-2026","status":"publish","type":"post","link":"https:\/\/www.kulturazilina.sk\/en\/informacie-pre-predajcov-vyrobkov-ludovych-remesiel-a-potravin-2026\/","title":{"rendered":"Staromestsk\u00e9 sl\u00e1vnosti 2026 <br>Inform\u00e1cie pre predajcov v\u00fdrobkov <br>\u013eudov\u00fdch remesiel a potrav\u00edn 2026"},"content":{"rendered":"\n<p><img decoding=\"async\" height=\"16\" width=\"16\" alt=\"\ud83d\udc83\" data-src=\"https:\/\/static.xx.fbcdn.net\/images\/emoji.php\/v9\/t66\/2\/16\/1f483.png\" src=\"data:image\/svg+xml;base64,PHN2ZyB3aWR0aD0iMSIgaGVpZ2h0PSIxIiB4bWxucz0iaHR0cDovL3d3dy53My5vcmcvMjAwMC9zdmciPjwvc3ZnPg==\" class=\"lazyload\" style=\"--smush-placeholder-width: 16px; --smush-placeholder-aspect-ratio: 16\/16;\"> STAROMESTSK\u00c9 SL\u00c1VNOSTI 2026 <img decoding=\"async\" height=\"16\" width=\"16\" alt=\"\ud83c\udf89\" data-src=\"https:\/\/static.xx.fbcdn.net\/images\/emoji.php\/v9\/t2b\/2\/16\/1f389.png\" src=\"data:image\/svg+xml;base64,PHN2ZyB3aWR0aD0iMSIgaGVpZ2h0PSIxIiB4bWxucz0iaHR0cDovL3d3dy53My5vcmcvMjAwMC9zdmciPjwvc3ZnPg==\" class=\"lazyload\" style=\"--smush-placeholder-width: 16px; --smush-placeholder-aspect-ratio: 16\/16;\"><\/p>\n\n\n\n<p>\ud835\udfd0\ud835\udfd6. \u2013 \ud835\udfd1\ud835\udfce. \ud835\udc26\ud835\udc1a\u0301\ud835\udc23\ud835\udc1a n\u00e1s \u010dak\u00e1 okr\u00fahly <img decoding=\"async\" height=\"16\" width=\"16\" alt=\"3\ufe0f\u20e3\" data-src=\"https:\/\/static.xx.fbcdn.net\/images\/emoji.php\/v9\/t97\/2\/16\/33_20e3.png\" src=\"data:image\/svg+xml;base64,PHN2ZyB3aWR0aD0iMSIgaGVpZ2h0PSIxIiB4bWxucz0iaHR0cDovL3d3dy53My5vcmcvMjAwMC9zdmciPjwvc3ZnPg==\" class=\"lazyload\" style=\"--smush-placeholder-width: 16px; --smush-placeholder-aspect-ratio: 16\/16;\"><img decoding=\"async\" height=\"16\" width=\"16\" alt=\"0\ufe0f\u20e3\" data-src=\"https:\/\/static.xx.fbcdn.net\/images\/emoji.php\/v9\/t3a\/2\/16\/30_20e3.png\" src=\"data:image\/svg+xml;base64,PHN2ZyB3aWR0aD0iMSIgaGVpZ2h0PSIxIiB4bWxucz0iaHR0cDovL3d3dy53My5vcmcvMjAwMC9zdmciPjwvc3ZnPg==\" class=\"lazyload\" style=\"--smush-placeholder-width: 16px; --smush-placeholder-aspect-ratio: 16\/16;\">. ro\u010dn\u00edk \ud835\udc12\ud835\udc2d\ud835\udc1a\ud835\udc2b\ud835\udc28\ud835\udc26\ud835\udc1e\ud835\udc2c\ud835\udc2d\ud835\udc2c\ud835\udc24\ud835\udc32\u0301\ud835\udc1c\ud835\udc21 \ud835\udc2c\ud835\udc25\ud835\udc1a\u0301\ud835\udc2f\ud835\udc27\ud835\udc28\ud835\udc2c\ud835\udc2d\ud835\udc22\u0301, ktor\u00fd bude op\u00e4\u0165 patri\u0165 centru mesta.<\/p>\n\n\n\n<figure class=\"wp-block-image size-large\"><img decoding=\"async\" width=\"1024\" height=\"701\" data-src=\"https:\/\/www.kulturazilina.sk\/wp-content\/uploads\/2026\/03\/ddsadasdasd-1024x701.png\" alt=\"\" class=\"wp-image-1679 lazyload\" data-srcset=\"https:\/\/www.kulturazilina.sk\/wp-content\/uploads\/2026\/03\/ddsadasdasd-1024x701.png 1024w, https:\/\/www.kulturazilina.sk\/wp-content\/uploads\/2026\/03\/ddsadasdasd-300x205.png 300w, https:\/\/www.kulturazilina.sk\/wp-content\/uploads\/2026\/03\/ddsadasdasd-768x526.png 768w, https:\/\/www.kulturazilina.sk\/wp-content\/uploads\/2026\/03\/ddsadasdasd-1536x1051.png 1536w, https:\/\/www.kulturazilina.sk\/wp-content\/uploads\/2026\/03\/ddsadasdasd-2048x1401.png 2048w, https:\/\/www.kulturazilina.sk\/wp-content\/uploads\/2026\/03\/ddsadasdasd-18x12.png 18w\" data-sizes=\"(max-width: 1024px) 100vw, 1024px\" src=\"data:image\/svg+xml;base64,PHN2ZyB3aWR0aD0iMSIgaGVpZ2h0PSIxIiB4bWxucz0iaHR0cDovL3d3dy53My5vcmcvMjAwMC9zdmciPjwvc3ZnPg==\" style=\"--smush-placeholder-width: 1024px; --smush-placeholder-aspect-ratio: 1024\/701;\" \/><\/figure>\n\n\n\n<p>Podujatie sa bude kona\u0165 na oboch n\u00e1mestiach a v priestoroch Tr\u017enice, pripraven\u00fd je bohat\u00fd kult\u00farny program pre v\u0161etky gener\u00e1cie a ch\u00fdba\u0165 nebud\u00fa ani ob\u013e\u00faben\u00e9 afterparties <img decoding=\"async\" height=\"16\" width=\"16\" alt=\"\ud83d\udc83\" data-src=\"https:\/\/static.xx.fbcdn.net\/images\/emoji.php\/v9\/t66\/2\/16\/1f483.png\" src=\"data:image\/svg+xml;base64,PHN2ZyB3aWR0aD0iMSIgaGVpZ2h0PSIxIiB4bWxucz0iaHR0cDovL3d3dy53My5vcmcvMjAwMC9zdmciPjwvc3ZnPg==\" class=\"lazyload\" style=\"--smush-placeholder-width: 16px; --smush-placeholder-aspect-ratio: 16\/16;\"><img decoding=\"async\" height=\"16\" width=\"16\" alt=\"\ud83d\udd7a\" data-src=\"https:\/\/static.xx.fbcdn.net\/images\/emoji.php\/v9\/t36\/2\/16\/1f57a.png\" src=\"data:image\/svg+xml;base64,PHN2ZyB3aWR0aD0iMSIgaGVpZ2h0PSIxIiB4bWxucz0iaHR0cDovL3d3dy53My5vcmcvMjAwMC9zdmciPjwvc3ZnPg==\" class=\"lazyload\" style=\"--smush-placeholder-width: 16px; --smush-placeholder-aspect-ratio: 16\/16;\">. S\u00fa\u010das\u0165ou sl\u00e1vnost\u00ed bude aj oslava \ud835\udc03\ud835\udc27\u030c\ud835\udc1a \ud835\udc1d\ud835\udc1e\ud835\udc2d\ud835\udc22\u0301 <img decoding=\"async\" height=\"16\" width=\"16\" alt=\"\ud83e\udd73\" data-src=\"https:\/\/static.xx.fbcdn.net\/images\/emoji.php\/v9\/tc\/2\/16\/1f973.png\" src=\"data:image\/svg+xml;base64,PHN2ZyB3aWR0aD0iMSIgaGVpZ2h0PSIxIiB4bWxucz0iaHR0cDovL3d3dy53My5vcmcvMjAwMC9zdmciPjwvc3ZnPg==\" class=\"lazyload\" style=\"--smush-placeholder-width: 16px; --smush-placeholder-aspect-ratio: 16\/16;\">, tak\u017ee sa m\u00f4\u017eu te\u0161i\u0165 aj t\u00ed najmen\u0161\u00ed. <img decoding=\"async\" height=\"16\" width=\"16\" alt=\"\ud83d\udcc5\" data-src=\"https:\/\/static.xx.fbcdn.net\/images\/emoji.php\/v9\/t1d\/2\/16\/1f4c5.png\" src=\"data:image\/svg+xml;base64,PHN2ZyB3aWR0aD0iMSIgaGVpZ2h0PSIxIiB4bWxucz0iaHR0cDovL3d3dy53My5vcmcvMjAwMC9zdmciPjwvc3ZnPg==\" class=\"lazyload\" style=\"--smush-placeholder-width: 16px; --smush-placeholder-aspect-ratio: 16\/16;\">Podrobn\u00fd program budeme zverej\u0148ova\u0165 v najbli\u017e\u0161\u00edch t\u00fd\u017ed\u0148och.<\/p>\n\n\n\n<p><img decoding=\"async\" height=\"16\" width=\"16\" alt=\"\ud83d\udce3\" data-src=\"https:\/\/static.xx.fbcdn.net\/images\/emoji.php\/v9\/t59\/2\/16\/1f4e3.png\" src=\"data:image\/svg+xml;base64,PHN2ZyB3aWR0aD0iMSIgaGVpZ2h0PSIxIiB4bWxucz0iaHR0cDovL3d3dy53My5vcmcvMjAwMC9zdmciPjwvc3ZnPg==\" class=\"lazyload\" style=\"--smush-placeholder-width: 16px; --smush-placeholder-aspect-ratio: 16\/16;\"> \ud835\udc15\ud835\udc32\u0301\ud835\udc33\ud835\udc2f\ud835\udc1a \ud835\udc29\ud835\udc2b\ud835\udc1e \ud835\udc2c\ud835\udc2d\ud835\udc1a\u0301\ud835\udc27\ud835\udc24\ud835\udc1a\ud835\udc2b\ud835\udc28\ud835\udc2f:<\/p>\n\n\n\n<p>Predajcovia v\u00fdrobkov \u013eudov\u00fdch remesiel a potrav\u00edn, ktor\u00ed maj\u00fa z\u00e1ujem z\u00fa\u010dastni\u0165 sa Staromestsk\u00fdch sl\u00e1vnost\u00ed 2026, u\u017e m\u00f4\u017eu pod\u00e1va\u0165 svoje \u017eiadosti. Nezme\u0161kajte pr\u00edle\u017eitos\u0165 by\u0165 s\u00fa\u010das\u0165ou jubilejn\u00e9ho ro\u010dn\u00edka<img decoding=\"async\" height=\"16\" width=\"16\" alt=\"\ud83c\udfb6\" data-src=\"https:\/\/static.xx.fbcdn.net\/images\/emoji.php\/v9\/tbe\/2\/16\/1f3b6.png\" src=\"data:image\/svg+xml;base64,PHN2ZyB3aWR0aD0iMSIgaGVpZ2h0PSIxIiB4bWxucz0iaHR0cDovL3d3dy53My5vcmcvMjAwMC9zdmciPjwvc3ZnPg==\" class=\"lazyload\" style=\"--smush-placeholder-width: 16px; --smush-placeholder-aspect-ratio: 16\/16;\"><img decoding=\"async\" height=\"16\" width=\"16\" alt=\"\u2728\" data-src=\"https:\/\/static.xx.fbcdn.net\/images\/emoji.php\/v9\/t75\/2\/16\/2728.png\" src=\"data:image\/svg+xml;base64,PHN2ZyB3aWR0aD0iMSIgaGVpZ2h0PSIxIiB4bWxucz0iaHR0cDovL3d3dy53My5vcmcvMjAwMC9zdmciPjwvc3ZnPg==\" class=\"lazyload\" style=\"--smush-placeholder-width: 16px; --smush-placeholder-aspect-ratio: 16\/16;\">. Viac inform\u00e1ci\u00ed n\u00e1jdete na str\u00e1nke mesta: <a href=\"https:\/\/l.facebook.com\/l.php?u=https%3A%2F%2Fzilina.sk%2Finformacie-pre-predajcov-vyrobkov%2F%3Ffbclid%3DIwZXh0bgNhZW0CMTAAYnJpZBExYk9MbDBPTXh1TXZnemVQd3NydGMGYXBwX2lkEDIyMjAzOTE3ODgyMDA4OTIAAR7NlPbgQsXh0gbu-qQwW4r7f3c4KgeNd96-BIw2UG7qQubcGhcf1MG2HQIqdA_aem_7qurKjDUQHiVMw_JZ5OTiw&amp;h=AT7_dra3mDIvB5M04pAp6rOkAz3LCZ9iCt2NrBJcEa2l52Z2uOpoUPrIru4qZXwHS3PjfTw_LRockfFP0i40_7fqEJ-gtfKGzSmGwcBERDOaG9SJGjAG-7cD4KgAOolOFkWvcMOqMpzqeWQISkXgaQ&amp;__tn__=-UK-R&amp;c[0]=AT5DFlDY57z5C1PGOSSZQP8logG7fLka3Jg5iC-c5gH7YOgclB4GiUBjv7xG1_8YuI03TwOTkUAPbIoZJHAFOoJQ7xMu5n7u2tKQGxypfdZ3OiMxfjeZVTsq5umS0F5mbeBv6JQojEwzsX9HVrkr6Rfe6-TPMqdd-DJCYcoyMgnhMuOTGKoApHXpxh_P3Ig7SG-yy6H5kF2T88DjijkBQJfHKQ\" rel=\"noreferrer noopener\" target=\"_blank\">https:\/\/zilina.sk\/informacie-pre-predajcov-vyrobkov\/<\/a><\/p>\n\n\n\n<p><\/p>\n","protected":false},"excerpt":{"rendered":"<p>STAROMESTSK\u00c9 SL\u00c1VNOSTI 2026 \ud835\udfd0\ud835\udfd6. \u2013 \ud835\udfd1\ud835\udfce. \ud835\udc26\ud835\udc1a\u0301\ud835\udc23\ud835\udc1a n\u00e1s \u010dak\u00e1 okr\u00fahly . ro\u010dn\u00edk \ud835\udc12\ud835\udc2d\ud835\udc1a\ud835\udc2b\ud835\udc28\ud835\udc26\ud835\udc1e\ud835\udc2c\ud835\udc2d\ud835\udc2c\ud835\udc24\ud835\udc32\u0301\ud835\udc1c\ud835\udc21 \ud835\udc2c\ud835\udc25\ud835\udc1a\u0301\ud835\udc2f\ud835\udc27\ud835\udc28\ud835\udc2c\ud835\udc2d\ud835\udc22\u0301, ktor\u00fd bude op\u00e4\u0165 patri\u0165 centru mesta. Podujatie sa bude kona\u0165 na oboch n\u00e1mestiach a v priestoroch [&hellip;]<\/p>\n","protected":false},"author":1,"featured_media":1616,"comment_status":"open","ping_status":"open","sticky":false,"template":"","format":"standard","meta":{"_acf_changed":false,"footnotes":""},"categories":[1],"tags":[],"class_list":["post-1678","post","type-post","status-publish","format-standard","has-post-thumbnail","hentry","category-nezaradene"],"acf":[],"_links":{"self":[{"href":"https:\/\/www.kulturazilina.sk\/en\/wp-json\/wp\/v2\/posts\/1678","targetHints":{"allow":["GET"]}}],"collection":[{"href":"https:\/\/www.kulturazilina.sk\/en\/wp-json\/wp\/v2\/posts"}],"about":[{"href":"https:\/\/www.kulturazilina.sk\/en\/wp-json\/wp\/v2\/types\/post"}],"author":[{"embeddable":true,"href":"https:\/\/www.kulturazilina.sk\/en\/wp-json\/wp\/v2\/users\/1"}],"replies":[{"embeddable":true,"href":"https:\/\/www.kulturazilina.sk\/en\/wp-json\/wp\/v2\/comments?post=1678"}],"version-history":[{"count":8,"href":"https:\/\/www.kulturazilina.sk\/en\/wp-json\/wp\/v2\/posts\/1678\/revisions"}],"predecessor-version":[{"id":1719,"href":"https:\/\/www.kulturazilina.sk\/en\/wp-json\/wp\/v2\/posts\/1678\/revisions\/1719"}],"wp:featuredmedia":[{"embeddable":true,"href":"https:\/\/www.kulturazilina.sk\/en\/wp-json\/wp\/v2\/media\/1616"}],"wp:attachment":[{"href":"https:\/\/www.kulturazilina.sk\/en\/wp-json\/wp\/v2\/media?parent=1678"}],"wp:term":[{"taxonomy":"category","embeddable":true,"href":"https:\/\/www.kulturazilina.sk\/en\/wp-json\/wp\/v2\/categories?post=1678"},{"taxonomy":"post_tag","embeddable":true,"href":"https:\/\/www.kulturazilina.sk\/en\/wp-json\/wp\/v2\/tags?post=1678"}],"curies":[{"name":"wp","href":"https:\/\/api.w.org\/{rel}","templated":true}]}}