{"id":1049,"date":"2026-02-19T12:28:39","date_gmt":"2026-02-19T11:28:39","guid":{"rendered":"https:\/\/www.kulturazilina.sk\/?p=1049"},"modified":"2026-02-20T10:33:18","modified_gmt":"2026-02-20T09:33:18","slug":"komorny-koncert-pri-prilezitosti-vyrocia-zaciatku-velkej-ruskej-agresie-voci-ukrajine","status":"publish","type":"post","link":"https:\/\/www.kulturazilina.sk\/en\/komorny-koncert-pri-prilezitosti-vyrocia-zaciatku-velkej-ruskej-agresie-voci-ukrajine\/","title":{"rendered":"Chamber concert on the anniversary of the start of Russia's large-scale aggression against Ukraine"},"content":{"rendered":"<p>The Ukrainian House in \u017dilina, in cooperation with the \u017dilinsk\u00fd Maj\u00e1k Information and Support Center, cordially invites you to a chamber concert on the anniversary of the start of Russia's large-scale aggression against Ukraine.<\/p>\n\n\n\n<figure class=\"wp-block-image size-large\"><img fetchpriority=\"high\" decoding=\"async\" width=\"819\" height=\"1024\" src=\"https:\/\/www.kulturazilina.sk\/wp-content\/uploads\/2026\/02\/1000062631-819x1024.jpg\" alt=\"\" class=\"wp-image-1092\" srcset=\"https:\/\/www.kulturazilina.sk\/wp-content\/uploads\/2026\/02\/1000062631-819x1024.jpg 819w, https:\/\/www.kulturazilina.sk\/wp-content\/uploads\/2026\/02\/1000062631-240x300.jpg 240w, https:\/\/www.kulturazilina.sk\/wp-content\/uploads\/2026\/02\/1000062631-768x960.jpg 768w, https:\/\/www.kulturazilina.sk\/wp-content\/uploads\/2026\/02\/1000062631-10x12.jpg 10w, https:\/\/www.kulturazilina.sk\/wp-content\/uploads\/2026\/02\/1000062631.jpg 1080w\" sizes=\"(max-width: 819px) 100vw, 819px\" \/><\/figure>\n\n\n\n<p>\ud83d\uddd3 February 24, 2026, \ud83d\udd54 5:00 p.m. \u2013 6:00 p.m.,\ud83d\udccd Horn\u00fd Val 24, \u017dilina<\/p>\n\n\n\n<p>The Ukrainian community in \u017dilina expresses its sincere gratitude to all Slovak friends for their support of Ukraine, which is bravely defending its freedom and ours. Your solidarity and support give us hope and strength to continue.<\/p>\n\n\n\n<p>Come and share this important moment of solidarity and gratitude with us.<\/p>\n\n\n\n<p>\ud83d\udce9&nbsp;RSVP:&nbsp;<a href=\"mailto:ukrskolaza@gmail.com\">ukrskolaza@gmail.com<\/a><\/p>\n\n\n\n<p>We look forward to seeing you.<\/p>","protected":false},"excerpt":{"rendered":"<p>Ukrajinsk\u00fd dom \u017dilina v spolupr\u00e1ci s Centrum inform\u00e1ci\u00ed a podpory \u017dilinsk\u00fd Maj\u00e1k V\u00e1s srde\u010dne poz\u00fdvaj\u00fa na komorn\u00fd koncert pri pr\u00edle\u017eitosti v\u00fdro\u010dia za\u010diatku ve\u013ekej ruskej agresie vo\u010di Ukrajine. \ud83d\uddd3\u00a024. febru\u00e1r 2026, [&hellip;]<\/p>\n","protected":false},"author":1,"featured_media":1092,"comment_status":"open","ping_status":"open","sticky":false,"template":"","format":"standard","meta":{"_acf_changed":false,"footnotes":""},"categories":[18],"tags":[],"class_list":["post-1049","post","type-post","status-publish","format-standard","has-post-thumbnail","hentry","category-pasaz"],"acf":[],"_links":{"self":[{"href":"https:\/\/www.kulturazilina.sk\/en\/wp-json\/wp\/v2\/posts\/1049","targetHints":{"allow":["GET"]}}],"collection":[{"href":"https:\/\/www.kulturazilina.sk\/en\/wp-json\/wp\/v2\/posts"}],"about":[{"href":"https:\/\/www.kulturazilina.sk\/en\/wp-json\/wp\/v2\/types\/post"}],"author":[{"embeddable":true,"href":"https:\/\/www.kulturazilina.sk\/en\/wp-json\/wp\/v2\/users\/1"}],"replies":[{"embeddable":true,"href":"https:\/\/www.kulturazilina.sk\/en\/wp-json\/wp\/v2\/comments?post=1049"}],"version-history":[{"count":9,"href":"https:\/\/www.kulturazilina.sk\/en\/wp-json\/wp\/v2\/posts\/1049\/revisions"}],"predecessor-version":[{"id":1098,"href":"https:\/\/www.kulturazilina.sk\/en\/wp-json\/wp\/v2\/posts\/1049\/revisions\/1098"}],"wp:featuredmedia":[{"embeddable":true,"href":"https:\/\/www.kulturazilina.sk\/en\/wp-json\/wp\/v2\/media\/1092"}],"wp:attachment":[{"href":"https:\/\/www.kulturazilina.sk\/en\/wp-json\/wp\/v2\/media?parent=1049"}],"wp:term":[{"taxonomy":"category","embeddable":true,"href":"https:\/\/www.kulturazilina.sk\/en\/wp-json\/wp\/v2\/categories?post=1049"},{"taxonomy":"post_tag","embeddable":true,"href":"https:\/\/www.kulturazilina.sk\/en\/wp-json\/wp\/v2\/tags?post=1049"}],"curies":[{"name":"wp","href":"https:\/\/api.w.org\/{rel}","templated":true}]}}