{"id":1047,"date":"2026-02-19T12:25:38","date_gmt":"2026-02-19T11:25:38","guid":{"rendered":"https:\/\/www.kulturazilina.sk\/?p=1047"},"modified":"2026-03-13T10:36:37","modified_gmt":"2026-03-13T09:36:37","slug":"mestsky-mobiliar-v-praxi-vystava-studentskych-navrhov-vsvu-a-ard-system","status":"publish","type":"post","link":"https:\/\/www.kulturazilina.sk\/en\/mestsky-mobiliar-v-praxi-vystava-studentskych-navrhov-vsvu-a-ard-system\/","title":{"rendered":"Urban furniture in practice: Exhibition of student designs from V\u0160VU and ARD system"},"content":{"rendered":"<p>Poz\u00fdvame v\u00e1s na v\u00fdstavu mestsk\u00e9ho mobili\u00e1ru.<\/p>\n\n\n\n<p>Na v\u00fdstave uvid\u00edte pr\u00e1ce z Ateli\u00e9ru interi\u00e9rov\u00e9ho dizajnu Vysokej \u0161koly v\u00fdtvarn\u00fdch umen\u00ed v Bratislave.<\/p>\n\n\n\n<figure class=\"wp-block-image size-large\"><img fetchpriority=\"high\" decoding=\"async\" width=\"1024\" height=\"928\" src=\"https:\/\/www.kulturazilina.sk\/wp-content\/uploads\/2026\/02\/Snimka-obrazovky-2026-03-03-o-14.13.12-1024x928.png\" alt=\"\" class=\"wp-image-1631\" srcset=\"https:\/\/www.kulturazilina.sk\/wp-content\/uploads\/2026\/02\/Snimka-obrazovky-2026-03-03-o-14.13.12-1024x928.png 1024w, https:\/\/www.kulturazilina.sk\/wp-content\/uploads\/2026\/02\/Snimka-obrazovky-2026-03-03-o-14.13.12-300x272.png 300w, https:\/\/www.kulturazilina.sk\/wp-content\/uploads\/2026\/02\/Snimka-obrazovky-2026-03-03-o-14.13.12-768x696.png 768w, https:\/\/www.kulturazilina.sk\/wp-content\/uploads\/2026\/02\/Snimka-obrazovky-2026-03-03-o-14.13.12-13x12.png 13w, https:\/\/www.kulturazilina.sk\/wp-content\/uploads\/2026\/02\/Snimka-obrazovky-2026-03-03-o-14.13.12.png 1520w\" sizes=\"(max-width: 1024px) 100vw, 1024px\" \/><\/figure>\n\n\n\n<p>V\u00fdstava predstavuje n\u00e1vrhy s\u00fa\u010dasn\u00e9ho mestsk\u00e9ho mobili\u00e1ru pre verejn\u00fd priestor. \u0160tudentsk\u00e9 projekty reaguj\u00fa na potreby mesta so zameran\u00edm na funk\u010dnos\u0165, udr\u017eate\u013enos\u0165 a kvalitu verejn\u00e9ho priestoru. Prin\u00e1\u0161aj\u00fa svie\u017ee poh\u013eady na to, ako m\u00f4\u017ee dizajn kultivova\u0165 na\u0161e ulice, n\u00e1mestia \u010di oddychov\u00e9 z\u00f3ny..<\/p>\n\n\n\n<figure class=\"wp-block-image size-large\"><img decoding=\"async\" width=\"1024\" height=\"654\" data-src=\"https:\/\/www.kulturazilina.sk\/wp-content\/uploads\/2026\/02\/R-13-1024x654.png\" alt=\"\" class=\"wp-image-1634 lazyload\" data-srcset=\"https:\/\/www.kulturazilina.sk\/wp-content\/uploads\/2026\/02\/R-13-1024x654.png 1024w, https:\/\/www.kulturazilina.sk\/wp-content\/uploads\/2026\/02\/R-13-300x192.png 300w, https:\/\/www.kulturazilina.sk\/wp-content\/uploads\/2026\/02\/R-13-768x490.png 768w, https:\/\/www.kulturazilina.sk\/wp-content\/uploads\/2026\/02\/R-13-1536x981.png 1536w, https:\/\/www.kulturazilina.sk\/wp-content\/uploads\/2026\/02\/R-13-2048x1307.png 2048w, https:\/\/www.kulturazilina.sk\/wp-content\/uploads\/2026\/02\/R-13-18x12.png 18w\" data-sizes=\"(max-width: 1024px) 100vw, 1024px\" src=\"data:image\/svg+xml;base64,PHN2ZyB3aWR0aD0iMSIgaGVpZ2h0PSIxIiB4bWxucz0iaHR0cDovL3d3dy53My5vcmcvMjAwMC9zdmciPjwvc3ZnPg==\" style=\"--smush-placeholder-width: 1024px; --smush-placeholder-aspect-ratio: 1024\/654;\" \/><\/figure>\n\n\n\n<figure class=\"wp-block-image size-large\"><img decoding=\"async\" width=\"1024\" height=\"724\" data-src=\"https:\/\/www.kulturazilina.sk\/wp-content\/uploads\/2026\/02\/ZA1-1024x724.jpg\" alt=\"\" class=\"wp-image-1627 lazyload\" data-srcset=\"https:\/\/www.kulturazilina.sk\/wp-content\/uploads\/2026\/02\/ZA1-1024x724.jpg 1024w, https:\/\/www.kulturazilina.sk\/wp-content\/uploads\/2026\/02\/ZA1-300x212.jpg 300w, https:\/\/www.kulturazilina.sk\/wp-content\/uploads\/2026\/02\/ZA1-768x543.jpg 768w, https:\/\/www.kulturazilina.sk\/wp-content\/uploads\/2026\/02\/ZA1-1536x1086.jpg 1536w, https:\/\/www.kulturazilina.sk\/wp-content\/uploads\/2026\/02\/ZA1-2048x1448.jpg 2048w, https:\/\/www.kulturazilina.sk\/wp-content\/uploads\/2026\/02\/ZA1-18x12.jpg 18w\" data-sizes=\"(max-width: 1024px) 100vw, 1024px\" src=\"data:image\/svg+xml;base64,PHN2ZyB3aWR0aD0iMSIgaGVpZ2h0PSIxIiB4bWxucz0iaHR0cDovL3d3dy53My5vcmcvMjAwMC9zdmciPjwvc3ZnPg==\" style=\"--smush-placeholder-width: 1024px; --smush-placeholder-aspect-ratio: 1024\/724;\" \/><\/figure>\n\n\n\n<p>Term\u00edn vernis\u00e1\u017ee:<\/p>\n\n\n\n<p>\ud83d\udccd&nbsp;Miesto: PAS\u00c1:\u017d pri UHA<br>\ud83d\udcc5&nbsp;Term\u00edn: 12. 3. 2025<br>\ud83d\udd53&nbsp;\u010cas: 16:00<\/p>\n\n\n\n<p>Pr\u00ed\u010fte sa pozrie\u0165 na v\u00edzie bud\u00facnosti verejn\u00e9ho priestoru a podpori\u0165 mlad\u00e9 dizajn\u00e9rske talenty. Te\u0161\u00edme sa na v\u00e1s!<\/p>\n\n\n\n<p><\/p>","protected":false},"excerpt":{"rendered":"<p>Poz\u00fdvame v\u00e1s na v\u00fdstavu mestsk\u00e9ho mobili\u00e1ru. Na v\u00fdstave uvid\u00edte pr\u00e1ce z Ateli\u00e9ru interi\u00e9rov\u00e9ho dizajnu Vysokej \u0161koly v\u00fdtvarn\u00fdch umen\u00ed v Bratislave. V\u00fdstava predstavuje n\u00e1vrhy s\u00fa\u010dasn\u00e9ho mestsk\u00e9ho mobili\u00e1ru pre verejn\u00fd priestor. \u0160tudentsk\u00e9 [&hellip;]<\/p>\n","protected":false},"author":1,"featured_media":1627,"comment_status":"open","ping_status":"open","sticky":false,"template":"","format":"standard","meta":{"_acf_changed":false,"footnotes":""},"categories":[18],"tags":[],"class_list":["post-1047","post","type-post","status-publish","format-standard","has-post-thumbnail","hentry","category-pasaz"],"acf":[],"_links":{"self":[{"href":"https:\/\/www.kulturazilina.sk\/en\/wp-json\/wp\/v2\/posts\/1047","targetHints":{"allow":["GET"]}}],"collection":[{"href":"https:\/\/www.kulturazilina.sk\/en\/wp-json\/wp\/v2\/posts"}],"about":[{"href":"https:\/\/www.kulturazilina.sk\/en\/wp-json\/wp\/v2\/types\/post"}],"author":[{"embeddable":true,"href":"https:\/\/www.kulturazilina.sk\/en\/wp-json\/wp\/v2\/users\/1"}],"replies":[{"embeddable":true,"href":"https:\/\/www.kulturazilina.sk\/en\/wp-json\/wp\/v2\/comments?post=1047"}],"version-history":[{"count":12,"href":"https:\/\/www.kulturazilina.sk\/en\/wp-json\/wp\/v2\/posts\/1047\/revisions"}],"predecessor-version":[{"id":1881,"href":"https:\/\/www.kulturazilina.sk\/en\/wp-json\/wp\/v2\/posts\/1047\/revisions\/1881"}],"wp:featuredmedia":[{"embeddable":true,"href":"https:\/\/www.kulturazilina.sk\/en\/wp-json\/wp\/v2\/media\/1627"}],"wp:attachment":[{"href":"https:\/\/www.kulturazilina.sk\/en\/wp-json\/wp\/v2\/media?parent=1047"}],"wp:term":[{"taxonomy":"category","embeddable":true,"href":"https:\/\/www.kulturazilina.sk\/en\/wp-json\/wp\/v2\/categories?post=1047"},{"taxonomy":"post_tag","embeddable":true,"href":"https:\/\/www.kulturazilina.sk\/en\/wp-json\/wp\/v2\/tags?post=1047"}],"curies":[{"name":"wp","href":"https:\/\/api.w.org\/{rel}","templated":true}]}}