{"id":2296,"global_id":"www.kulturazilina.sk\/en?id=2296","global_id_lineage":["www.kulturazilina.sk\/en?id=2296"],"author":"1","status":"publish","date":"2026-03-20 19:19:37","date_utc":"2026-03-20 18:19:37","modified":"2026-03-25 14:39:29","modified_utc":"2026-03-25 13:39:29","url":"https:\/\/www.kulturazilina.sk\/en\/podujatia\/staromestske-slavnosti\/","rest_url":"https:\/\/www.kulturazilina.sk\/en\/wp-json\/tribe\/events\/v1\/events\/2296","title":"Staromestsk\u00e9 sl\u00e1vnosti 2026","description":"<p data-original-inline-font-weight=\"\"><strong data-original-inline-font-weight=\"\">U\u017e onedlho sa \u017dilina premen\u00ed na centrum hudby, kult\u00fary a\u00a0z\u00e1bavy. Tohtoro\u010dn\u00e9 Staromestsk\u00e9 sl\u00e1vnosti po\u010das troch dn\u00ed, konkr\u00e9tne od 28.\u00a0do 30.\u00a0m\u00e1ja 2026, prines\u00fa do mesta neopakovate\u013en\u00fa atmosf\u00e9ru, o\u00a0ktor\u00fa sa postaraj\u00fa skupiny Billy Barman, No Name, Polemic, Buty, Vesna \u010di\u00a0ob\u013e\u00faben\u00e1 Dara Rolins. Koncerty doplnia aj zauj\u00edmav\u00e9 sprievodn\u00e9 aktivity, l\u00e1kav\u00e1 ponuka od mno\u017estva predajcov a\u00a0pripraven\u00fd je aj \u0161peci\u00e1lny program venovan\u00fd Medzin\u00e1rodn\u00e9mu d\u0148u det\u00ed.<\/strong><\/p>\n<p data-original-inline-font-weight=\"\"><img decoding=\"async\" class=\"alignnone size-medium wp-image-2099\" src=\"https:\/\/www.kulturazilina.sk\/wp-content\/uploads\/2026\/03\/fsdasda-300x150.png\" alt=\"\" width=\"300\" height=\"150\" srcset=\"https:\/\/www.kulturazilina.sk\/wp-content\/uploads\/2026\/03\/fsdasda-300x150.png 300w, https:\/\/www.kulturazilina.sk\/wp-content\/uploads\/2026\/03\/fsdasda-1024x512.png 1024w, https:\/\/www.kulturazilina.sk\/wp-content\/uploads\/2026\/03\/fsdasda-768x384.png 768w, https:\/\/www.kulturazilina.sk\/wp-content\/uploads\/2026\/03\/fsdasda-1536x768.png 1536w, https:\/\/www.kulturazilina.sk\/wp-content\/uploads\/2026\/03\/fsdasda-2048x1024.png 2048w, https:\/\/www.kulturazilina.sk\/wp-content\/uploads\/2026\/03\/fsdasda-18x9.png 18w\" sizes=\"(max-width: 300px) 100vw, 300px\" \/><\/p>\n<p data-original-inline-font-weight=\"\">Organiz\u00e1torom trojd\u0148ov\u00e9ho podujatia bude tento rok prv\u00fdkr\u00e1t novovzniknut\u00e9 centrum Mestsk\u00e1 kult\u00fara \u017dilina. \u201eTento rok bude v\u00fdnimo\u010dn\u00fd, ke\u010f\u017ee ide o\u00a0okr\u00fahly 30.\u00a0ro\u010dn\u00edk. Pripravujeme \u0161peci\u00e1lny program s\u00a0bohat\u0161\u00edm technick\u00fdm zabezpe\u010den\u00edm, atrakt\u00edvnou vizu\u00e1lnou str\u00e1nkou a\u00a0pln\u00fd v\u00fdrazn\u00fdch headlinerov. Ver\u00edme, \u017ee si v\u00a0programe ka\u017ed\u00fd n\u00e1jde d\u00f4vod pr\u00eds\u0165 do centra mesta a\u00a0za\u017ei\u0165 jedine\u010dn\u00fa atmosf\u00e9ru,\u201c\u00a0uviedla za Mestsk\u00fa kult\u00faru \u017dilina Lucia \u0160imo, mana\u017e\u00e9rka podujat\u00ed, projektov a\u00a0spolupr\u00e1c.<\/p>\n<p data-original-inline-font-weight=\"\">Na dvoch p\u00f3di\u00e1ch v\u00a0centre mesta \u2013 na Mari\u00e1nskom n\u00e1mest\u00ed a\u00a0N\u00e1mest\u00ed Andreja Hlinku \u2013 sa predstavia viacer\u00e9 popul\u00e1rne kapely a\u00a0interpreti. Okrem spomenut\u00fdch medzi \u00fa\u010dinkuj\u00facimi nebud\u00fa ch\u00fdba\u0165 napr\u00edklad Peter Bi\u010d Projekt, Fragile, Hrdza, Arz\u00e9n a\u00a0ve\u013ea \u010fal\u0161\u00edch. Organiz\u00e1tori z\u00e1rove\u0148 poz\u00fdvaj\u00fa aj na zauj\u00edmav\u00fd sprievodn\u00fd program. \u201eZa pozornos\u0165 stoj\u00ed napr\u00edklad elektronick\u00fd stage na Tr\u017enici \u017dilina, ktor\u00fd roz\u0161\u00edri \u017e\u00e1nrov\u00fa pestros\u0165 sl\u00e1vnost\u00ed a\u00a0poskytne priestor pre modern\u00fa klubov\u00fa sc\u00e9nu. Podujatie sa nebude kona\u0165 len na dvoch n\u00e1mestiach v\u00a0centre. Tento rok sa do\u0148 op\u00e4\u0165 zapoj\u00ed \u0161ir\u0161\u00ed okruh kult\u00farnych in\u0161tit\u00faci\u00ed p\u00f4sobiacich na \u00fazem\u00ed mesta \u2013 \u010di\u00a0u\u017e formou sprievodn\u00e9ho programu alebo afterparties. N\u00e1v\u0161tevn\u00edci sa tak m\u00f4\u017eu zab\u00e1va\u0165 aj po\u00a0skon\u010den\u00ed hlavn\u00e9ho programu,\u201c pribl\u00ed\u017eila detaily Lucia \u0160imo.<\/p>\n<p data-original-inline-font-weight=\"\">V r\u00e1mci Staromestsk\u00fdch sl\u00e1vnost\u00ed nebude ch\u00fdba\u0165 ani ob\u013e\u00faben\u00fd otv\u00e1rac\u00ed ceremoni\u00e1l v\u00a0podobe sl\u00e1vnostn\u00e9ho sprievodu. Po\u010das podujatia n\u00e1jdu n\u00e1v\u0161tevn\u00edci v\u00a0meste st\u00e1nky so zauj\u00edmav\u00fdm tovarom, pr\u00edle\u017eitostn\u00e9 remeseln\u00e9 trhy, predaj medovn\u00edkov aj r\u00f4zne ob\u010derstvenie. Podobne ako po\u00a0minul\u00e9 roky bud\u00fa zak\u00fapen\u00e9 n\u00e1poje pod\u00e1van\u00e9 do z\u00e1lohovan\u00fdch poh\u00e1rov.<br data-original-inline-font-weight=\"\" \/>\u201eStaromestsk\u00e9 sl\u00e1vnosti s\u00fa u\u017e tri desa\u0165ro\u010dia neodmyslite\u013enou s\u00fa\u010das\u0165ou kult\u00fary a\u00a0\u017eivota v\u00a0\u017diline. S\u00fa symbolom skvelej hudby, nev\u0161edn\u00fdch z\u00e1\u017eitkov, pr\u00edjemn\u00fdch stretnut\u00ed a\u00a0atmosf\u00e9ry, ktor\u00e1 ka\u017edoro\u010dne sp\u00e1ja tis\u00edce \u017dilin\u010danov aj n\u00e1v\u0161tevn\u00edkov mesta. Te\u0161\u00edm sa, \u017ee jubilejn\u00fd 30.\u00a0ro\u010dn\u00edk prinesie bohat\u00fd program pre v\u0161etky gener\u00e1cie. Ka\u017ed\u00fd dostane pr\u00edle\u017eitos\u0165 n\u00e1js\u0165 si to svoje \u2013 \u010di\u00a0u\u017e na koncertoch, v\u00a0sprievodnom programe alebo pri spolo\u010dn\u00fdch stretnutiach v\u00a0centre \u017diliny. Srde\u010dne poz\u00fdvam v\u0161etk\u00fdch \u017dilin\u010danov aj host\u00ed, aby pri\u0161li osl\u00e1vi\u0165 toto v\u00fdnimo\u010dn\u00e9 jubileum spolu s\u00a0nami a\u00a0u\u017eili si jedine\u010dn\u00fa atmosf\u00e9ru Staromestsk\u00fdch sl\u00e1vnost\u00ed 2026,\u201c povedal prim\u00e1tor Peter Fiab\u00e1ne.<\/p>","excerpt":"","slug":"staromestske-slavnosti","image":{"url":"https:\/\/www.kulturazilina.sk\/wp-content\/uploads\/2026\/03\/fsdasda.png","id":2099,"extension":"png","width":2400,"height":1200,"filesize":181942,"sizes":{"medium":{"width":300,"height":150,"mime-type":"image\/png","filesize":29199,"url":"https:\/\/www.kulturazilina.sk\/wp-content\/uploads\/2026\/03\/fsdasda-300x150.png"},"large":{"width":1024,"height":512,"mime-type":"image\/png","filesize":127255,"url":"https:\/\/www.kulturazilina.sk\/wp-content\/uploads\/2026\/03\/fsdasda-1024x512.png"},"thumbnail":{"width":150,"height":150,"mime-type":"image\/png","filesize":15767,"url":"https:\/\/www.kulturazilina.sk\/wp-content\/uploads\/2026\/03\/fsdasda-150x150.png"},"medium_large":{"width":768,"height":384,"mime-type":"image\/png","filesize":92138,"url":"https:\/\/www.kulturazilina.sk\/wp-content\/uploads\/2026\/03\/fsdasda-768x384.png"},"1536x1536":{"width":1536,"height":768,"mime-type":"image\/png","filesize":199311,"url":"https:\/\/www.kulturazilina.sk\/wp-content\/uploads\/2026\/03\/fsdasda-1536x768.png"},"2048x2048":{"width":2048,"height":1024,"mime-type":"image\/png","filesize":272185,"url":"https:\/\/www.kulturazilina.sk\/wp-content\/uploads\/2026\/03\/fsdasda-2048x1024.png"},"trp-custom-language-flag":{"width":18,"height":9,"mime-type":"image\/png","filesize":623,"url":"https:\/\/www.kulturazilina.sk\/wp-content\/uploads\/2026\/03\/fsdasda-18x9.png"},"cmplz_banner_image":{"width":350,"height":100,"mime-type":"image\/png","filesize":23067,"url":"https:\/\/www.kulturazilina.sk\/wp-content\/uploads\/2026\/03\/fsdasda-350x100.png"}}},"all_day":true,"start_date":"2026-05-28 00:00:00","start_date_details":{"year":"2026","month":"05","day":"28","hour":"00","minutes":"00","seconds":"00"},"end_date":"2026-05-30 23:59:59","end_date_details":{"year":"2026","month":"05","day":"30","hour":"23","minutes":"59","seconds":"59"},"utc_start_date":"2026-05-27 22:00:00","utc_start_date_details":{"year":"2026","month":"05","day":"27","hour":"22","minutes":"00","seconds":"00"},"utc_end_date":"2026-05-30 21:59:59","utc_end_date_details":{"year":"2026","month":"05","day":"30","hour":"21","minutes":"59","seconds":"59"},"timezone":"Europe\/Bratislava","timezone_abbr":"CEST","cost":"","cost_details":{"currency_symbol":"\u20ac","currency_code":"EUR","currency_position":"prefix","values":[]},"website":"","show_map":true,"show_map_link":true,"hide_from_listings":false,"sticky":false,"featured":false,"categories":[],"tags":[],"venue":[],"organizer":[],"custom_fields":[],"json_ld":{"@context":"http:\/\/schema.org","@type":"Event","name":"Staromestsk\u00e9 sl\u00e1vnosti 2026","description":"&lt;p&gt;U\u017e onedlho sa \u017dilina premen\u00ed na centrum hudby, kult\u00fary a\u00a0z\u00e1bavy. Tohtoro\u010dn\u00e9 Staromestsk\u00e9 sl\u00e1vnosti po\u010das troch dn\u00ed, konkr\u00e9tne od 28.\u00a0do 30.\u00a0m\u00e1ja 2026, prines\u00fa do mesta neopakovate\u013en\u00fa atmosf\u00e9ru, o\u00a0ktor\u00fa sa postaraj\u00fa skupiny [&hellip;]&lt;\/p&gt;\\n","image":"https:\/\/www.kulturazilina.sk\/wp-content\/uploads\/2026\/03\/fsdasda.png","url":"https:\/\/www.kulturazilina.sk\/en\/podujatia\/staromestske-slavnosti\/","eventAttendanceMode":"https:\/\/schema.org\/OfflineEventAttendanceMode","eventStatus":"https:\/\/schema.org\/EventScheduled","startDate":"2026-05-28T00:00:00+02:00","endDate":"2026-05-30T23:59:59+02:00","performer":"Organization"}}